{"id":7826,"date":"2026-09-04T13:02:39","date_gmt":"2026-09-04T11:02:39","guid":{"rendered":"https:\/\/www.mslukov.cz\/?p=7826"},"modified":"2026-09-04T13:02:41","modified_gmt":"2026-09-04T11:02:41","slug":"jidelnicek-na-37-tyden-zs","status":"publish","type":"post","link":"https:\/\/www.mslukov.cz\/index.php\/2026\/09\/04\/jidelnicek-na-37-tyden-zs\/","title":{"rendered":"J\u00eddeln\u00ed\u010dek na 37. t\u00fdden, Z\u0160"},"content":{"rendered":"<div class=\"wp-block-image\">\n<figure class=\"aligncenter size-full\"><img loading=\"lazy\" width=\"308\" height=\"80\" src=\"http:\/\/www.mslukov.cz\/wp-content\/uploads\/2021\/01\/jidelnicek-1.jpg\" alt=\"j\u00eddeln\u00ed\u010dek\" class=\"wp-image-3262\" srcset=\"https:\/\/www.mslukov.cz\/wp-content\/uploads\/2021\/01\/jidelnicek-1.jpg 308w, https:\/\/www.mslukov.cz\/wp-content\/uploads\/2021\/01\/jidelnicek-1-300x78.jpg 300w\" sizes=\"(max-width: 308px) 100vw, 308px\" \/><\/figure><\/div>\n\n\n<figure class=\"wp-block-table has-medium-font-size\"><table><tbody><tr><td><strong>od 07.09.2026&nbsp;&nbsp;do 11.09<\/strong><strong>.2026<\/strong><\/td><\/tr><tr><td>&nbsp;<\/td><\/tr><tr><td><strong>Pond\u011bl\u00ed 07.09.2026<\/strong><\/td><\/tr><tr><td><strong>p\u0159esn\u00edd\u00e1vka&nbsp;<\/strong><\/td><td><\/td><\/tr><tr><td><strong>pol\u00e9vka&nbsp;<\/strong><\/td><td>zeleninov\u00e1 s bulgurem <small>(A: 01a)<\/small><\/td><\/tr><tr><td><strong>ob\u011bd&nbsp;<\/strong><\/td><td>ku\u0159ec\u00ed pl\u00e1tek na bylink\u00e1ch, va\u0159en\u00e9 brambory s m\u00e1slem, zeleninov\u00fd bufet <small>(A: 01a,07)<\/small><\/td><\/tr><tr><td><strong>sva\u010dina&nbsp;<\/strong><\/td><td><\/td><\/tr><tr><td><strong>\u00dater\u00fd 08.09.2026<\/strong><\/td><\/tr><tr><td><strong>p\u0159esn\u00edd\u00e1vka&nbsp;<\/strong><\/td><td><\/td><\/tr><tr><td><strong>pol\u00e9vka&nbsp;<\/strong><\/td><td>lu\u0161t\u011bninov\u00e1 <small>(A: 01a)<\/small><\/td><\/tr><tr><td><strong>ob\u011bd&nbsp;<\/strong><\/td><td>kynut\u00e9 \u0161vestkov\u00e9 knedl\u00edky s m\u00e1kem, ml\u00e9ko <small>(A: 01a,07)<\/small><\/td><\/tr><tr><td><strong>sva\u010dina&nbsp;<\/strong><\/td><td><\/td><\/tr><tr><td><strong>St\u0159eda 09.09.2026<\/strong><\/td><\/tr><tr><td><strong>p\u0159esn\u00edd\u00e1vka&nbsp;<\/strong><\/td><td><\/td><\/tr><tr><td><strong>pol\u00e9vka&nbsp;<\/strong><\/td><td>brokolicov\u00e1 <small>(A: 01a)<\/small><\/td><\/tr><tr><td><strong>ob\u011bd&nbsp;<\/strong><\/td><td>pe\u010den\u00e9 ku\u0159ec\u00ed \u0161pal\u00ed\u010dky, r\u00fd\u017ee, ovocn\u00fd kompot (<small>A: 01a)<\/small><\/td><\/tr><tr><td><strong>sva\u010dina&nbsp;<\/strong><\/td><td><\/td><\/tr><tr><td><strong>\u010ctvrtek 10.09.2026<\/strong><\/td><\/tr><tr><td><strong>p\u0159esn\u00edd\u00e1vka&nbsp;<\/strong><\/td><td><\/td><\/tr><tr><td><strong>pol\u00e9vka&nbsp;<\/strong><\/td><td>km\u00ednov\u00e1 s vaj\u00ed\u010dkem (<small>A: 01a,03)<\/small><\/td><\/tr><tr><td><strong>ob\u011bd&nbsp;<\/strong><\/td><td>obalovan\u00e9 ryb\u00ed fil\u00e9 se sem\u00ednky, \u0161\u0165ouchan\u00e9 brambory s cibulkou, okurkov\u00fd sal\u00e1t  <small>(A: 01a,03,04,07)<\/small><\/td><\/tr><tr><td><strong>sva\u010dina&nbsp;<\/strong><\/td><td><\/td><\/tr><tr><td><strong>P\u00e1tek 11.09.2026<\/strong><\/td><\/tr><tr><td><strong>p\u0159esn\u00edd\u00e1vka&nbsp;<\/strong><\/td><td><\/td><\/tr><tr><td><strong>pol\u00e9vka&nbsp;<\/strong><\/td><td>vlo\u010dkov\u00e1 se zeleninou (<small>A: 01a,01d)<\/small><\/td><\/tr><tr><td><strong>ob\u011bd&nbsp;<\/strong><\/td><td>vep\u0159ov\u00e9 kostky po cik\u00e1nsku, barevn\u00e9 t\u011bstoviny <small>(A: 01a<\/small>,<small>03<\/small><\/td><\/tr><tr><td><strong>sva\u010dina&nbsp;<\/strong><\/td><td><\/td><\/tr><tr><td>&nbsp;<\/td><\/tr><tr><td>J\u00eddlo obsahuje alergeny. Jejich \u010d\u00edsla jsou uvedena v z\u00e1vorce za n\u00e1zvem.<\/td><\/tr><tr><td><a href=\"http:\/\/www.mslukov.cz\/index.php\/seznam-alergenu\/\" target=\"_blank\" rel=\"noreferrer noopener\"><u>Zobrazit seznam alergen\u016f.<\/u><\/a><\/td><\/tr><\/tbody><\/table><\/figure>\n","protected":false},"excerpt":{"rendered":"<p>od 07.09.2026&nbsp;&nbsp;do 11.09.2026 &nbsp; Pond\u011bl\u00ed 07.09.2026 p\u0159esn\u00edd\u00e1vka&nbsp; pol\u00e9vka&nbsp; zeleninov\u00e1 s bulgurem (A: 01a) ob\u011bd&nbsp; ku\u0159ec\u00ed pl\u00e1tek na bylink\u00e1ch, va\u0159en\u00e9 brambory s m\u00e1slem, zeleninov\u00fd bufet (A: 01a,07) sva\u010dina&nbsp; \u00dater\u00fd 08.09.2026 p\u0159esn\u00edd\u00e1vka&nbsp; pol\u00e9vka&nbsp; lu\u0161t\u011bninov\u00e1 (A: 01a) ob\u011bd&nbsp; kynut\u00e9 \u0161vestkov\u00e9 knedl\u00edky s m\u00e1kem, ml\u00e9ko (A: 01a,07) sva\u010dina&nbsp; St\u0159eda 09.09.2026 p\u0159esn\u00edd\u00e1vka&nbsp; pol\u00e9vka&nbsp; brokolicov\u00e1 (A: 01a) ob\u011bd&nbsp; pe\u010den\u00e9 ku\u0159ec\u00ed \u0161pal\u00ed\u010dky, [&hellip;]<\/p>\n","protected":false},"author":3,"featured_media":0,"comment_status":"closed","ping_status":"closed","sticky":false,"template":"","format":"standard","meta":[],"categories":[14,33],"tags":[],"_links":{"self":[{"href":"https:\/\/www.mslukov.cz\/index.php\/wp-json\/wp\/v2\/posts\/7826"}],"collection":[{"href":"https:\/\/www.mslukov.cz\/index.php\/wp-json\/wp\/v2\/posts"}],"about":[{"href":"https:\/\/www.mslukov.cz\/index.php\/wp-json\/wp\/v2\/types\/post"}],"author":[{"embeddable":true,"href":"https:\/\/www.mslukov.cz\/index.php\/wp-json\/wp\/v2\/users\/3"}],"replies":[{"embeddable":true,"href":"https:\/\/www.mslukov.cz\/index.php\/wp-json\/wp\/v2\/comments?post=7826"}],"version-history":[{"count":1,"href":"https:\/\/www.mslukov.cz\/index.php\/wp-json\/wp\/v2\/posts\/7826\/revisions"}],"predecessor-version":[{"id":7827,"href":"https:\/\/www.mslukov.cz\/index.php\/wp-json\/wp\/v2\/posts\/7826\/revisions\/7827"}],"wp:attachment":[{"href":"https:\/\/www.mslukov.cz\/index.php\/wp-json\/wp\/v2\/media?parent=7826"}],"wp:term":[{"taxonomy":"category","embeddable":true,"href":"https:\/\/www.mslukov.cz\/index.php\/wp-json\/wp\/v2\/categories?post=7826"},{"taxonomy":"post_tag","embeddable":true,"href":"https:\/\/www.mslukov.cz\/index.php\/wp-json\/wp\/v2\/tags?post=7826"}],"curies":[{"name":"wp","href":"https:\/\/api.w.org\/{rel}","templated":true}]}}