{"id":7191,"date":"2026-01-23T15:05:31","date_gmt":"2026-01-23T13:05:31","guid":{"rendered":"https:\/\/www.mslukov.cz\/?p=7191"},"modified":"2026-01-23T15:05:33","modified_gmt":"2026-01-23T13:05:33","slug":"jidelnicek-na-5-tyden-zs","status":"publish","type":"post","link":"https:\/\/www.mslukov.cz\/index.php\/2026\/01\/23\/jidelnicek-na-5-tyden-zs\/","title":{"rendered":"J\u00eddeln\u00ed\u010dek na 5. t\u00fdden, Z\u0160"},"content":{"rendered":"<div class=\"wp-block-image\">\n<figure class=\"aligncenter size-full\"><img loading=\"lazy\" width=\"308\" height=\"80\" src=\"http:\/\/www.mslukov.cz\/wp-content\/uploads\/2021\/01\/jidelnicek-1.jpg\" alt=\"j\u00eddeln\u00ed\u010dek\" class=\"wp-image-3262\" srcset=\"https:\/\/www.mslukov.cz\/wp-content\/uploads\/2021\/01\/jidelnicek-1.jpg 308w, https:\/\/www.mslukov.cz\/wp-content\/uploads\/2021\/01\/jidelnicek-1-300x78.jpg 300w\" sizes=\"(max-width: 308px) 100vw, 308px\" \/><\/figure><\/div>\n\n\n<figure class=\"wp-block-table has-medium-font-size\"><table><tbody><tr><td><strong>od 26.01.2026&nbsp;&nbsp;do 30.0<\/strong><strong>1.202<\/strong>6<\/td><\/tr><tr><td>&nbsp;<\/td><\/tr><tr><td><strong>Pond\u011bl\u00ed 26.01.2026<\/strong><\/td><\/tr><tr><td><strong>p\u0159esn\u00edd\u00e1vka&nbsp;<\/strong><\/td><td><\/td><\/tr><tr><td><strong>pol\u00e9vka&nbsp;<\/strong><\/td><td>mili\u00f3nov\u00e1 s vaj\u00ed\u010dkem (<small>A: 01a,03)<\/small><\/td><\/tr><tr><td><strong>ob\u011bd&nbsp;<\/strong><\/td><td>vep\u0159ov\u00fd pl\u00e1tek na ajvaru, brambory, zeleninov\u00fd bufet (<small>A: 01a,07)<\/small><\/td><\/tr><tr><td><strong>sva\u010dina&nbsp;<\/strong><\/td><td><\/td><\/tr><tr><td><strong>\u00dater\u00fd 27.01.2026<\/strong><\/td><\/tr><tr><td><strong>p\u0159esn\u00edd\u00e1vka&nbsp;<\/strong><\/td><td><\/td><\/tr><tr><td><strong>pol\u00e9vka&nbsp;<\/strong><\/td><td>dr\u016fbe\u017e\u00ed v\u00fdvar s nudlemi <small>(A: 01a,03,09)<\/small><\/td><\/tr><tr><td><strong>ob\u011bd&nbsp;<\/strong><\/td><td>zeleninov\u00e9 rizoto s masem, strouhan\u00e1 s\u00fdr, okurkov\u00fd sal\u00e1t (<small>A: 01a,07)<\/small><\/td><\/tr><tr><td><strong>sva\u010dina&nbsp;<\/strong><\/td><td><\/td><\/tr><tr><td><strong>St\u0159eda 28.01.2026<\/strong><\/td><\/tr><tr><td><strong>p\u0159esn\u00edd\u00e1vka&nbsp;<\/strong><\/td><td><\/td><\/tr><tr><td><strong>pol\u00e9vka&nbsp;<\/strong><\/td><td>z \u010derven\u00e9 \u010do\u010dky (<small>A: 01a)<\/small><\/td><\/tr><tr><td><strong>ob\u011bd&nbsp;<\/strong><\/td><td>bramborov\u00e9 \u0161ul\u00e1nky s m\u00e1kem, b\u00edl\u00e1 k\u00e1va <small>(A: 01a,03,07)<\/small><\/td><\/tr><tr><td><strong>sva\u010dina&nbsp;<\/strong><\/td><td><\/td><\/tr><tr><td><strong>\u010ctvrtek 29.01.2026<\/strong><\/td><\/tr><tr><td><strong>p\u0159esn\u00edd\u00e1vka&nbsp;<\/strong><\/td><td><\/td><\/tr><tr><td><strong>pol\u00e9vka&nbsp;<\/strong><\/td><td>zeleninov\u00e1 s pohankou (<small>A: 01a)<\/small><\/td><\/tr><tr><td><strong>ob\u011bd&nbsp;<\/strong><\/td><td>sekan\u00e1 pe\u010den\u011b, rajsk\u00e1 om\u00e1\u010dka, t\u011bstoviny <small>(A: 01a,03,07)<\/small><\/td><\/tr><tr><td><strong>sva\u010dina&nbsp;<\/strong><\/td><td><\/td><\/tr><tr><td><strong>P\u00e1tek 30.01.2026<\/strong><\/td><\/tr><tr><td><strong>p\u0159esn\u00edd\u00e1vka&nbsp;<\/strong><\/td><td><\/td><\/tr><tr><td><strong>pol\u00e9vka&nbsp;<\/strong><\/td><td><\/td><\/tr><tr><td><strong>ob\u011bd&nbsp;<\/strong><\/td><td>PR\u00c1ZDNINY<\/td><\/tr><tr><td><strong>sva\u010dina&nbsp;<\/strong><\/td><td><\/td><\/tr><tr><td>&nbsp;<\/td><\/tr><tr><td>J\u00eddlo obsahuje alergeny. Jejich \u010d\u00edsla jsou uvedena v z\u00e1vorce za n\u00e1zvem.<\/td><\/tr><tr><td><a href=\"http:\/\/www.mslukov.cz\/index.php\/seznam-alergenu\/\" target=\"_blank\" rel=\"noreferrer noopener\"><u>Zobrazit seznam alergen\u016f.<\/u><\/a><\/td><\/tr><\/tbody><\/table><\/figure>\n","protected":false},"excerpt":{"rendered":"<p>od 26.01.2026&nbsp;&nbsp;do 30.01.2026 &nbsp; Pond\u011bl\u00ed 26.01.2026 p\u0159esn\u00edd\u00e1vka&nbsp; pol\u00e9vka&nbsp; mili\u00f3nov\u00e1 s vaj\u00ed\u010dkem (A: 01a,03) ob\u011bd&nbsp; vep\u0159ov\u00fd pl\u00e1tek na ajvaru, brambory, zeleninov\u00fd bufet (A: 01a,07) sva\u010dina&nbsp; \u00dater\u00fd 27.01.2026 p\u0159esn\u00edd\u00e1vka&nbsp; pol\u00e9vka&nbsp; dr\u016fbe\u017e\u00ed v\u00fdvar s nudlemi (A: 01a,03,09) ob\u011bd&nbsp; zeleninov\u00e9 rizoto s masem, strouhan\u00e1 s\u00fdr, okurkov\u00fd sal\u00e1t (A: 01a,07) sva\u010dina&nbsp; St\u0159eda 28.01.2026 p\u0159esn\u00edd\u00e1vka&nbsp; pol\u00e9vka&nbsp; z \u010derven\u00e9 \u010do\u010dky (A: 01a) [&hellip;]<\/p>\n","protected":false},"author":3,"featured_media":0,"comment_status":"closed","ping_status":"closed","sticky":false,"template":"","format":"standard","meta":[],"categories":[14,33],"tags":[],"_links":{"self":[{"href":"https:\/\/www.mslukov.cz\/index.php\/wp-json\/wp\/v2\/posts\/7191"}],"collection":[{"href":"https:\/\/www.mslukov.cz\/index.php\/wp-json\/wp\/v2\/posts"}],"about":[{"href":"https:\/\/www.mslukov.cz\/index.php\/wp-json\/wp\/v2\/types\/post"}],"author":[{"embeddable":true,"href":"https:\/\/www.mslukov.cz\/index.php\/wp-json\/wp\/v2\/users\/3"}],"replies":[{"embeddable":true,"href":"https:\/\/www.mslukov.cz\/index.php\/wp-json\/wp\/v2\/comments?post=7191"}],"version-history":[{"count":1,"href":"https:\/\/www.mslukov.cz\/index.php\/wp-json\/wp\/v2\/posts\/7191\/revisions"}],"predecessor-version":[{"id":7192,"href":"https:\/\/www.mslukov.cz\/index.php\/wp-json\/wp\/v2\/posts\/7191\/revisions\/7192"}],"wp:attachment":[{"href":"https:\/\/www.mslukov.cz\/index.php\/wp-json\/wp\/v2\/media?parent=7191"}],"wp:term":[{"taxonomy":"category","embeddable":true,"href":"https:\/\/www.mslukov.cz\/index.php\/wp-json\/wp\/v2\/categories?post=7191"},{"taxonomy":"post_tag","embeddable":true,"href":"https:\/\/www.mslukov.cz\/index.php\/wp-json\/wp\/v2\/tags?post=7191"}],"curies":[{"name":"wp","href":"https:\/\/api.w.org\/{rel}","templated":true}]}}